[{"@context":"https:\/\/schema.org\/","@type":"Article","@id":"https:\/\/www.mkrby.cz\/kancelar-a-sidlo-v-brne\/#Article","mainEntityOfPage":"https:\/\/www.mkrby.cz\/kancelar-a-sidlo-v-brne\/","headline":"Kancel\u00e1\u0159 a s\u00eddlo v Brn\u011b","name":"Kancel\u00e1\u0159 a s\u00eddlo v Brn\u011b","description":"Je to u\u017e opravdu hodn\u011b dlouho, kdy jsem se se svou kamar\u00e1dkou rozhodla podnikat. Potom se k n\u00e1m je\u0161t\u011b p\u0159idal n\u00e1\u0161 kamar\u00e1d, tak\u017ee jsme ve t\u0159ech cht\u011bli podnikat. A cht\u011bli jsme je prod\u00e1vat pot\u0159eby pro zv\u00ed\u0159ata, proto\u017ee n\u00e1\u0161 kamar\u00e1d choval zv\u00ed\u0159ata, a to hlavn\u011b psi a ko\u010dky. Tak jsme si \u0159ekli, \u017ee na\u0161e podnik\u00e1n\u00ed se&#8230;<p class=\"more-link\"><a href=\"https:\/\/www.mkrby.cz\/kancelar-a-sidlo-v-brne\/\" class=\"themebutton\">Read More<\/a><\/p>","datePublished":"2023-10-23","dateModified":"2023-11-25","author":{"@type":"Person","@id":"https:\/\/www.mkrby.cz\/author\/#Person","name":"","url":"https:\/\/www.mkrby.cz\/author\/","identifier":1,"image":{"@type":"ImageObject","@id":"https:\/\/secure.gravatar.com\/avatar\/e5312f21b37eec0871f00feffaf403580ddf46c2d055479cc6723fb0100721f2?s=96&d=mm&r=g","url":"https:\/\/secure.gravatar.com\/avatar\/e5312f21b37eec0871f00feffaf403580ddf46c2d055479cc6723fb0100721f2?s=96&d=mm&r=g","height":96,"width":96}},"publisher":{"@type":"Organization","name":"mkrby.cz","logo":{"@type":"ImageObject","@id":"\/logo.png","url":"\/logo.png","width":600,"height":60}},"image":{"@type":"ImageObject","@id":"https:\/\/www.mkrby.cz\/wp-content\/uploads\/wordpress-923188_1280_5.jpg","url":"https:\/\/www.mkrby.cz\/wp-content\/uploads\/wordpress-923188_1280_5.jpg","height":0,"width":0},"url":"https:\/\/www.mkrby.cz\/kancelar-a-sidlo-v-brne\/","about":["Slu\u017eby"],"wordCount":444,"articleBody":"      Je to u\u017e opravdu hodn\u011b dlouho, kdy jsem se se svou kamar\u00e1dkou rozhodla podnikat. Potom se k n\u00e1m je\u0161t\u011b p\u0159idal n\u00e1\u0161 kamar\u00e1d, tak\u017ee jsme ve t\u0159ech cht\u011bli podnikat. A cht\u011bli jsme je prod\u00e1vat pot\u0159eby pro zv\u00ed\u0159ata, proto\u017ee n\u00e1\u0161 kamar\u00e1d choval zv\u00ed\u0159ata, a to hlavn\u011b psi a ko\u010dky. Tak jsme si \u0159ekli, \u017ee na\u0161e podnik\u00e1n\u00ed se m\u016f\u017ee ub\u00edrat tak\u00e9 t\u00edmto sm\u011brem. J\u00e1 si mysl\u00edm, \u017ee kdy\u017e lid\u00e9 se vlastn\u011b o n\u011bco zaj\u00edmaj\u00ed a maj\u00ed n\u011bjak\u00e9 dovednosti a kon\u00ed\u010dky, tak vlastn\u011b z toho potom tak\u00e9 m\u016f\u017ee vzniknout docela dobr\u00e9 \u017eivobyt\u00ed, \u017ee lid\u00e9 by v tom tak\u00e9 mohli podnikat. A pokud v\u00edte, jak podnikat, tak to je opravdu skv\u011bl\u00e9, proto\u017ee jsem se dozv\u011bd\u011bla, \u017ee v posledn\u00ed dob\u011b opravdu mnoho lid\u00ed tak\u00e9 chce podnikat, i kdy\u017e t\u0159eba nemaj\u00ed \u017e\u00e1dn\u00e9 zku\u0161enosti a spol\u00e9haj\u00ed se jenom na to, \u017ee jim se to zrovna nestane, \u017ee oni by zkrachovali.Oni si mysl\u00ed, \u017ee budou m\u00edt v\u017edycky \u0161t\u011bst\u00ed a \u017ee se jim v\u017edycky v\u0161e poda\u0159\u00ed a bude se jim opravdu skv\u011ble da\u0159it v podnik\u00e1n\u00ed. Pokud ale tak\u00e9 chcete podnikat, tak samoz\u0159ejm\u011b asi budete cht\u00edt m\u00edt tak\u00e9 n\u011bjak\u00e9 s\u00eddlo. A sly\u0161eli jste, \u017ee m\u016f\u017eete m\u00edt mimo klasick\u00e9ho s\u00eddla tak\u00e9 virtu\u00e1ln\u00ed s\u00eddlo? A pokud bydl\u00edte v Brn\u011b, tak v\u00e1m doporu\u010duji virtu\u00e1ln\u00ed s\u00eddlo v Brn\u011b, proto\u017ee m\u011b osobn\u011b se virtu\u00e1ln\u00ed s\u00eddlo v Brn\u011b moc l\u00edb\u00ed. J\u00e1 sama jsem byla velice p\u0159ekvapen\u00e1, kdy\u017e jsem tak\u00e9 se svou kamar\u00e1dkou dojela do Brna, kde jsme se potom tak\u00e9 cht\u011bly sezn\u00e1mit s r\u016fzn\u00fdmi  https:\/\/www.databazeknih.cz\/knihy\/jak-jednat-s-ruznymi-typy-lidi-133724 virtu\u00e1ln\u00edmi s\u00eddly. Na internetu jsme se dozv\u011bd\u011bly, \u017ee to je o mnoho levn\u011bj\u0161\u00ed. Tady u\u0161et\u0159\u00edte snad \u0161edes\u00e1t procent n\u00e1klad\u016f, ne\u017e kdybyste m\u011bli klasickou kamennou kancel\u00e1\u0159. A v\u011b\u0159te mi, \u017ee virtu\u00e1ln\u00ed s\u00eddlo v Brn\u011b se tak \u00fapln\u011b neli\u0161\u00ed zase od t\u00e9 klasick\u00e9 kamenn\u00e9 kancel\u00e1\u0159e. Vy si vlastn\u011b m\u016f\u017eete opravdu toho hodn\u011b naj\u00edt a tak\u00e9 p\u0159ichystat. A vlastn\u011b tak\u00e9 budete m\u00edt v\u00edce informac\u00ed o tom, kde a jak sehnat virtu\u00e1ln\u00ed s\u00eddlo v Brn\u011b. Nemus\u00edte se b\u00e1t, nen\u00ed to drah\u00e9 a j\u00e1 si mysl\u00edm, \u017ee virtu\u00e1ln\u00ed s\u00eddlo v Brn\u011b v\u00e1m u\u0161et\u0159\u00ed nejenom pen\u00edze, ale tak\u00e9 stres a va\u0161e nervy.                                                                                                                                                                                                                                                                                                                                                                                          4.6\/5 - (8 votes)        "},{"@context":"https:\/\/schema.org\/","@type":"BreadcrumbList","itemListElement":[{"@type":"ListItem","position":1,"name":"Kancel\u00e1\u0159 a s\u00eddlo v Brn\u011b","item":"https:\/\/www.mkrby.cz\/kancelar-a-sidlo-v-brne\/#breadcrumbitem"}]}]